{"id":71,"date":"2012-10-31T14:06:57","date_gmt":"2012-10-31T13:06:57","guid":{"rendered":"https:\/\/www.peterhagen.de\/?p=71"},"modified":"2012-12-25T14:54:22","modified_gmt":"2012-12-25T13:54:22","slug":"der-grosse-gartenplaner","status":"publish","type":"post","link":"https:\/\/www.peterhagen.de\/?p=71","title":{"rendered":"Der gro\u00dfe Gartenplaner"},"content":{"rendered":"<p style=\"text-align: left;\"><strong>Erschienen 2005<\/strong><\/p>\n<p style=\"text-align: left;\">\n<table id=\"wp-table-reloaded-id-28-no-1\" class=\"wp-table-reloaded wp-table-reloaded-id-28\">\n<tbody>\n\t<tr class=\"row-1 odd\">\n\t\t<td rowspan=\"3\" class=\"column-1 rowspan-3\"><a href=\"https:\/\/www.peterhagen.de\/wp-content\/uploads\/2012\/12\/07.-Der-gro\u00dfe-Gartenplaner1_320.jpg\"><img loading=\"lazy\" decoding=\"async\" src=\"https:\/\/www.peterhagen.de\/wp-content\/uploads\/2012\/12\/07.-Der-gro\u00dfe-Gartenplaner1_320.jpg\" alt=\"\" title=\"07. Der gro\u00dfe Gartenplaner1_320\" width=\"231\" height=\"320\" class=\"alignnone size-full wp-image-250\" srcset=\"https:\/\/www.peterhagen.de\/wp-content\/uploads\/2012\/12\/07.-Der-gro\u00dfe-Gartenplaner1_320.jpg 231w, https:\/\/www.peterhagen.de\/wp-content\/uploads\/2012\/12\/07.-Der-gro\u00dfe-Gartenplaner1_320-216x300.jpg 216w\" sizes=\"auto, (max-width: 231px) 100vw, 231px\" \/><\/a><\/td><td class=\"column-2\"><b>Der gro\u00dfe Ulmer-Gartenplaner: <br \/>\r\ngefragte Gartenthemen in einem Band<\/b><br \/>\r\n<br \/>\r\nHerausgeber Peter Wirth. In Zusammenarbeit mit Fa. Gardena.<br \/>\r\n<\/td>\n\t<\/tr>\n\t<tr class=\"row-2 even\">\n\t\t<td class=\"column-2\">- Mit digitalen 3-D-Gartenplaner auf CD<br \/>\r\n- Den Garten selbst planen und dabei <br \/>\r\n\u00a0\u00a0\u00a0die Kosten\u00fcbersicht behalten<br \/>\r\n- Beispielplanungen mit mehreren Varianten <br \/>\r\n\u00a0\u00a0\u00a0f\u00fcr individuelle L\u00f6sungen<br \/>\r\n- Schritt f\u00fcr Schritt richtig vorgehen beim Planen und Entwerfen<\/td>\n\t<\/tr>\n\t<tr class=\"row-3 odd\">\n\t\t<td class=\"column-2\"><B>Drei gute Gr\u00fcnde, sich f\u00fcr dieses Buch zu entscheiden:<\/B><br \/>\r\n- Geballtes Planungswissen in einem Band<br \/>\r\n- Praktisches Sammelwerk zum Planen, Entwerfen und Kalkulieren<br \/>\r\n- Individuelle Gartenplanung am Computer daheim<br \/>\r\n<br \/>\r\n<B>F\u00fcr Hobbyg\u00e4rtner und H\u00e4uslebauer<\/B><br \/>\r\nPeter Wirth - erfahrener Gartenplaner und ehemaliger langj\u00e4hriger Mitarbeiter im renomierten Planungsb\u00fcro Luz - gibt wertvolles Wissen und viele Praxistipps weiter.<\/td>\n\t<\/tr>\n<\/tbody>\n<\/table>\n<\/p>\n<p>&nbsp;<\/p>\n","protected":false},"excerpt":{"rendered":"<p>Erschienen 2005 &nbsp;<\/p>\n","protected":false},"author":1,"featured_media":0,"comment_status":"closed","ping_status":"open","sticky":false,"template":"","format":"standard","meta":{"footnotes":""},"categories":[4],"tags":[],"class_list":["post-71","post","type-post","status-publish","format-standard","hentry","category-fachbucher"],"_links":{"self":[{"href":"https:\/\/www.peterhagen.de\/index.php?rest_route=\/wp\/v2\/posts\/71","targetHints":{"allow":["GET"]}}],"collection":[{"href":"https:\/\/www.peterhagen.de\/index.php?rest_route=\/wp\/v2\/posts"}],"about":[{"href":"https:\/\/www.peterhagen.de\/index.php?rest_route=\/wp\/v2\/types\/post"}],"author":[{"embeddable":true,"href":"https:\/\/www.peterhagen.de\/index.php?rest_route=\/wp\/v2\/users\/1"}],"replies":[{"embeddable":true,"href":"https:\/\/www.peterhagen.de\/index.php?rest_route=%2Fwp%2Fv2%2Fcomments&post=71"}],"version-history":[{"count":0,"href":"https:\/\/www.peterhagen.de\/index.php?rest_route=\/wp\/v2\/posts\/71\/revisions"}],"wp:attachment":[{"href":"https:\/\/www.peterhagen.de\/index.php?rest_route=%2Fwp%2Fv2%2Fmedia&parent=71"}],"wp:term":[{"taxonomy":"category","embeddable":true,"href":"https:\/\/www.peterhagen.de\/index.php?rest_route=%2Fwp%2Fv2%2Fcategories&post=71"},{"taxonomy":"post_tag","embeddable":true,"href":"https:\/\/www.peterhagen.de\/index.php?rest_route=%2Fwp%2Fv2%2Ftags&post=71"}],"curies":[{"name":"wp","href":"https:\/\/api.w.org\/{rel}","templated":true}]}}