{"id":549,"date":"2018-04-07T22:04:00","date_gmt":"2018-04-07T21:04:00","guid":{"rendered":"https:\/\/www.peterhagen.de\/?p=549"},"modified":"2018-04-07T22:09:43","modified_gmt":"2018-04-07T21:09:43","slug":"seminar-zum-thema-kraeuterwelten-im-gartencenter-mueller-schallstadt","status":"publish","type":"post","link":"https:\/\/www.peterhagen.de\/?p=549","title":{"rendered":"Seminar zum Thema Kr\u00e4uterwelten im Gartencenter M\u00fcller Schallstadt"},"content":{"rendered":"<p>Das Gartencenter M\u00fcller in Schallstadt hatte zum Fr\u00fchlingsanfang bei strahlend sch\u00f6nem Wetter ein Seminar zum Thema Kr\u00e4uterwelten veranstaltet und mich dazu als Referent eingeladen.<\/p>\n<p><img loading=\"lazy\" decoding=\"async\" class=\"alignnone wp-image-551\" src=\"https:\/\/www.peterhagen.de\/wp-content\/uploads\/2018\/04\/GC-M\u00fcller-1-501x1024.jpg\" alt=\"\" width=\"194\" height=\"387\" \/><img loading=\"lazy\" decoding=\"async\" class=\"alignnone wp-image-550\" src=\"https:\/\/www.peterhagen.de\/wp-content\/uploads\/2018\/04\/GC-M\u00fcller-2.jpg\" alt=\"\" width=\"260\" height=\"267\" srcset=\"https:\/\/www.peterhagen.de\/wp-content\/uploads\/2018\/04\/GC-M\u00fcller-2.jpg 555w, https:\/\/www.peterhagen.de\/wp-content\/uploads\/2018\/04\/GC-M\u00fcller-2-291x300.jpg 291w\" sizes=\"auto, (max-width: 260px) 100vw, 260px\" \/><\/p>\n<p><img loading=\"lazy\" decoding=\"async\" class=\"alignnone size-large wp-image-554\" src=\"https:\/\/www.peterhagen.de\/wp-content\/uploads\/2018\/04\/DSC_2589b.jpg\" alt=\"\" width=\"584\" height=\"390\" srcset=\"https:\/\/www.peterhagen.de\/wp-content\/uploads\/2018\/04\/DSC_2589b.jpg 800w, https:\/\/www.peterhagen.de\/wp-content\/uploads\/2018\/04\/DSC_2589b-300x200.jpg 300w, https:\/\/www.peterhagen.de\/wp-content\/uploads\/2018\/04\/DSC_2589b-768x513.jpg 768w, https:\/\/www.peterhagen.de\/wp-content\/uploads\/2018\/04\/DSC_2589b-449x300.jpg 449w\" sizes=\"auto, (max-width: 584px) 100vw, 584px\" \/>30 Personen hatten sich angemeldet und lauschten meinen Ausf\u00fchrungen. Diesmal nicht als Powerpoint Pr\u00e4sentation, sondern als Life Vortrag. Nachdem das Wetter in den Tagen zuvor immer noch mit viel zu kalten N\u00e4chten geschw\u00e4chelt hat, waren noch nicht alle Kr\u00e4uter, die ich in 7 verschiedene Gruppen eingeteilt hatte, vorhanden.<\/p>\n<p><img loading=\"lazy\" decoding=\"async\" class=\"alignnone size-large wp-image-552\" src=\"https:\/\/www.peterhagen.de\/wp-content\/uploads\/2018\/04\/DSC_2599b.jpg\" alt=\"\" width=\"584\" height=\"390\" srcset=\"https:\/\/www.peterhagen.de\/wp-content\/uploads\/2018\/04\/DSC_2599b.jpg 800w, https:\/\/www.peterhagen.de\/wp-content\/uploads\/2018\/04\/DSC_2599b-300x200.jpg 300w, https:\/\/www.peterhagen.de\/wp-content\/uploads\/2018\/04\/DSC_2599b-768x513.jpg 768w, https:\/\/www.peterhagen.de\/wp-content\/uploads\/2018\/04\/DSC_2599b-449x300.jpg 449w\" sizes=\"auto, (max-width: 584px) 100vw, 584px\" \/><\/p>\n<p>Knapp zwei Stunden dauerte diese nette Veranstaltung, bei der alle auf ihre Kosten gekommen sind. Zum Abschluss erhielt jeder Zuh\u00f6rer ein K\u00fcchenkraut seiner Wahl und von mir angefertigte Unterlagen und weiteres Prospektmaterial zum Thema Kr\u00e4uter.<\/p>\n<p><img loading=\"lazy\" decoding=\"async\" class=\"alignnone size-large wp-image-553\" src=\"https:\/\/www.peterhagen.de\/wp-content\/uploads\/2018\/04\/DSC_2592b.jpg\" alt=\"\" width=\"584\" height=\"390\" srcset=\"https:\/\/www.peterhagen.de\/wp-content\/uploads\/2018\/04\/DSC_2592b.jpg 800w, https:\/\/www.peterhagen.de\/wp-content\/uploads\/2018\/04\/DSC_2592b-300x200.jpg 300w, https:\/\/www.peterhagen.de\/wp-content\/uploads\/2018\/04\/DSC_2592b-768x513.jpg 768w, https:\/\/www.peterhagen.de\/wp-content\/uploads\/2018\/04\/DSC_2592b-449x300.jpg 449w\" sizes=\"auto, (max-width: 584px) 100vw, 584px\" \/><\/p>\n","protected":false},"excerpt":{"rendered":"<p>Das Gartencenter M\u00fcller in Schallstadt hatte zum Fr\u00fchlingsanfang bei strahlend sch\u00f6nem Wetter ein Seminar zum Thema Kr\u00e4uterwelten veranstaltet und mich dazu als Referent eingeladen. 30 Personen hatten sich angemeldet und lauschten meinen Ausf\u00fchrungen. Diesmal nicht als Powerpoint Pr\u00e4sentation, sondern als &hellip; <a href=\"https:\/\/www.peterhagen.de\/?p=549\">Weiterlesen <span class=\"meta-nav\">&rarr;<\/span><\/a><\/p>\n","protected":false},"author":2,"featured_media":0,"comment_status":"closed","ping_status":"open","sticky":false,"template":"","format":"standard","meta":{"footnotes":""},"categories":[17],"tags":[],"class_list":["post-549","post","type-post","status-publish","format-standard","hentry","category-mein-gartenblog"],"_links":{"self":[{"href":"https:\/\/www.peterhagen.de\/index.php?rest_route=\/wp\/v2\/posts\/549","targetHints":{"allow":["GET"]}}],"collection":[{"href":"https:\/\/www.peterhagen.de\/index.php?rest_route=\/wp\/v2\/posts"}],"about":[{"href":"https:\/\/www.peterhagen.de\/index.php?rest_route=\/wp\/v2\/types\/post"}],"author":[{"embeddable":true,"href":"https:\/\/www.peterhagen.de\/index.php?rest_route=\/wp\/v2\/users\/2"}],"replies":[{"embeddable":true,"href":"https:\/\/www.peterhagen.de\/index.php?rest_route=%2Fwp%2Fv2%2Fcomments&post=549"}],"version-history":[{"count":1,"href":"https:\/\/www.peterhagen.de\/index.php?rest_route=\/wp\/v2\/posts\/549\/revisions"}],"predecessor-version":[{"id":555,"href":"https:\/\/www.peterhagen.de\/index.php?rest_route=\/wp\/v2\/posts\/549\/revisions\/555"}],"wp:attachment":[{"href":"https:\/\/www.peterhagen.de\/index.php?rest_route=%2Fwp%2Fv2%2Fmedia&parent=549"}],"wp:term":[{"taxonomy":"category","embeddable":true,"href":"https:\/\/www.peterhagen.de\/index.php?rest_route=%2Fwp%2Fv2%2Fcategories&post=549"},{"taxonomy":"post_tag","embeddable":true,"href":"https:\/\/www.peterhagen.de\/index.php?rest_route=%2Fwp%2Fv2%2Ftags&post=549"}],"curies":[{"name":"wp","href":"https:\/\/api.w.org\/{rel}","templated":true}]}}